{"id":386,"date":"2022-11-02T17:08:18","date_gmt":"2022-11-02T16:08:18","guid":{"rendered":"https:\/\/www.geneacantal.fr\/?p=386"},"modified":"2023-03-27T18:20:24","modified_gmt":"2023-03-27T16:20:24","slug":"histoire-de-montsalvy","status":"publish","type":"post","link":"https:\/\/www.geneacantal.fr\/index.php\/2022\/11\/02\/histoire-de-montsalvy\/","title":{"rendered":"HISTOIRE DE MONTSALVY"},"content":{"rendered":"\n<p class=\"has-text-align-center has-large-font-size\">Village de Haute-Auvergne<\/p>\n\n\n\n<div style=\"height:24px\" aria-hidden=\"true\" class=\"wp-block-spacer\"><\/div>\n\n\n\n<p class=\"has-text-align-center\"><strong>Les origines<\/strong><\/p>\n\n\n\n<p class=\"has-extra-small-font-size\">Il est difficile de dater avec pr\u00e9cision l\u2019origine du village de Montsalvy. Ce qui est certain c\u2019est que les premiers \u00e9difices&nbsp;: le \u00ab&nbsp;moutier&nbsp;\u00bb (monast\u00e8re), l\u2019\u00e9glise et une maison faisant office d\u2019hospice, ont \u00e9t\u00e9 \u00e9rig\u00e9s sur des terrains donn\u00e9s par B\u00e9ranger Vicomte de Carlat et fils de Richard II \u00e0 Gausbert, qui souhaitait d\u00e9velopper \u00e0 cet endroit l\u2019esprit civilisateur du christianisme. L\u2019acte de donation a \u00e9t\u00e9 dat\u00e9 de 1030. Il s\u2019agit sans aucun doute d\u2019une erreur de copiste car la donation a \u00e9t\u00e9 consentie sous le r\u00e8gne de Philippe 1<sup>er<\/sup> qui n\u2019est mont\u00e9 sur le tr\u00f4ne qu\u2019en 1060. La donation est donc post\u00e9rieure \u00e0 cette date, ce qui est corrobor\u00e9 par l\u2019arriv\u00e9e pr\u00e9sum\u00e9e de Gausbert \u00e0 Montsalvy vers 1060.<\/p>\n\n\n\n<p class=\"has-extra-small-font-size\">Gausbert serait n\u00e9 vers l\u2019an 1 000. Il aurait exerc\u00e9 son minist\u00e8re pr\u00e8s de la ville de Thiers, avant de devenir ermite au Puy en Velay, puis au monast\u00e8re de SaintAmans de Rodez o\u00f9 sa vocation s\u2019\u00e9panouit dans la r\u00e8gle de Saint Augustin. C\u2019est l\u00e0 qu\u2019il remarque un jeune religieux du nom de Bernard qu\u2019il va convaincre de l\u2019accompagner. Gausbert se serait ensuite rendu \u00e0 Montsalvy vers 1060, d\u00e9cidant de s\u2019y installer.<\/p>\n\n\n\n<p class=\"has-extra-small-font-size\">Id\u00e9e curieuse que celle-ci&nbsp;&nbsp;! Le lieu, une terre en friche, est occup\u00e9 par des brigands. Il est triste, battu des vents qui descendent sans concession depuis les monts du Cantal, balayant le plateau avec rigueur.<\/p>\n\n\n\n<p class=\"has-extra-small-font-size\">De plus, \u00e0 la fin du X\u00e8me si\u00e8cle, \u00e0 l\u2019approche du XI\u00e8me et de la rumeur d\u2019une prochaine fin du monde, on ne b\u00e2tissait plus&nbsp;! Mais Gausbert ne c\u00e8de pas \u00e0 la panique. Il croit au contraire en l\u2019avenir de son projet. Les premi\u00e8res constructions semblent d\u00e9buter au milieu du XI\u00e8me si\u00e8cle.<\/p>\n\n\n\n<p class=\"has-extra-small-font-size\"><strong>Montsalvy est n\u00e9&nbsp;!<\/strong><\/p>\n\n\n\n<p class=\"has-extra-small-font-size\">Sa population est d\u2019environ 25 habitants.<\/p>\n\n\n\n<p class=\"has-text-align-center\"><strong>L\u2019\u00e9glise<\/strong><\/p>\n\n\n<div class=\"wp-block-image\">\n<figure class=\"aligncenter size-large is-resized\"><img decoding=\"async\" loading=\"lazy\" src=\"http:\/\/www.genea92nord.fr\/images\/GENEACANTAL\/Montsalvy%20clotre%20sous%20la%20neige.jpg\" alt=\"\" width=\"385\" height=\"571\"\/><\/figure><\/div>\n\n\n<p class=\"has-extra-small-font-size\">Les parties les plus anciennes datent donc du XI\u00e8me si\u00e8cle(abside ch\u0153ur et transepts ainsi que le commencement de la nef et un petit clocher). Construit en granite et en schiste, l\u2019\u00e9difice semble avoir \u00e9t\u00e9 achev\u00e9 au XV\u00e8me si\u00e8cle. La toiture est en lauze.<\/p>\n\n\n\n<p class=\"has-text-align-center\"><strong>Le monast\u00e8re<\/strong><\/p>\n\n\n\n<p class=\"has-extra-small-font-size\">Il fut fond\u00e9 vers 1050. Des donations furent faites au monast\u00e8re. Un grand nombre de b\u00e9n\u00e9fices retranch\u00e9s des \u00e9v\u00each\u00e9s de Clermont, Rodez et Cahors lui furent attribu\u00e9s.<\/p>\n\n\n\n<p class=\"has-extra-small-font-size\">Compos\u00e9 d\u2019une salle capitulaire, de d\u00e9pendances et d\u2019un r\u00e9fectoire, il s\u2019est \u00e9rig\u00e9 autour d\u2019un puits et sans doute d\u2019un jardin de plantes m\u00e9dicinales.<\/p>\n\n\n\n<p class=\"has-text-align-center\"><strong>La maison hospice<\/strong><\/p>\n\n\n\n<p class=\"has-extra-small-font-size\">Construite \u00e0 c\u00f4t\u00e9 du monast\u00e8re, c\u2019\u00e9tait l\u2019un des premiers hospices connu en Haute Auvergne. Refuge salutaire pour les pauvres ou les voyageurs, elle eut son utilit\u00e9 mais ne devint jamais \u00e9tablissement de soins.<\/p>\n\n\n\n<p class=\"has-text-align-center\"><strong>Etymologie du nom&nbsp;: Montsalvy<\/strong><\/p>\n\n\n\n<p class=\"has-extra-small-font-size\">Trois versions s\u2019opposent&nbsp;:<\/p>\n\n\n\n<p class=\"has-extra-small-font-size\">1\u00b0) <strong>Mont de salvius<\/strong>: Salvius \u00e9tait un saint tr\u00e8s renomm\u00e9 chez les francs.<\/p>\n\n\n\n<p class=\"has-extra-small-font-size\">2\u00b0) <strong>Mon salvi<\/strong><strong>&nbsp;:<\/strong> Mont du sauv\u00e9. Cette hypoth\u00e8se ferait allusion aux secours prodigu\u00e9s aux pauvres et aux voyageurs dans l\u2019hospice de Montsalvy cr\u00e9e en m\u00eame temps que le monast\u00e8re et qu\u2019on nommait \u00ab&nbsp; sauvet\u00e9&nbsp;\u00bb.<\/p>\n\n\n\n<p class=\"has-extra-small-font-size\">3\u00b0) <strong>Mon salutis&nbsp;:<\/strong> B\u00e2tie sur une friche abandonn\u00e9e aux larrons et aux brigands, Montsalvy serait devenu le Mons salutis, le mont du salut. C\u2019est cette derni\u00e8re hypoth\u00e8se qui plait le plus \u00e0 nos contemporains.<\/p>\n\n\n\n<p class=\"has-extra-small-font-size\">Pourtant d\u2019apr\u00e8s l\u2019ouvrage de l\u2019abb\u00e9 Muratet paru en 1843&nbsp;: \u00ab&nbsp;notice historique sur Montsalvy, sur son \u00e9glise et sur son ancien monast\u00e8re&nbsp;\u00bb c\u2019est la premi\u00e8re hypoth\u00e8se qui semble la plus probable.<\/p>\n\n\n\n<p class=\"has-text-align-center\"><strong>Administration de Montsalvy<\/strong> <strong>sous Saint Gausbert<\/strong><\/p>\n\n\n\n<p class=\"has-extra-small-font-size\"><strong>1\u00b0) <\/strong><strong>Administration religieuse<\/strong><\/p>\n\n\n\n<p class=\"has-extra-small-font-size\">Apr\u00e8s la p\u00e9riode du d\u00e9frichement et de l\u2019\u00e9rection des b\u00e2timents sous l\u2019\u00e9gide de saint Gausbert, puis Saint Bernard, on assiste \u00e0 la cr\u00e9ation d\u2019une paroisse \u00e0 Montsalvy entre le XIII\u00e8me si\u00e8cle et le XIV\u00e8me. Jusqu\u2019en 1317, celle-ci rel\u00e8ve du dioc\u00e8se de Clermont et ensuite de celui de Saint-Flour.<\/p>\n\n\n\n<p class=\"has-extra-small-font-size\"><strong>2\u00b0) <\/strong><strong>Administration civile<\/strong><\/p>\n\n\n\n<p class=\"has-extra-small-font-size\">Comme ailleurs \u00e0 cette \u00e9poque, elle est confi\u00e9e \u00e0 2 consuls* nomm\u00e9s par le pr\u00e9v\u00f4t. Les quelques \u00e9crits qu\u2019il a \u00e9t\u00e9 possible de consulter en 1840 par l\u2019abb\u00e9 Muratet, mentionnent les noms de Lagarde, Asti\u00e9, Goutal, Cass\u00e8s, Guy, Puech, Montarnal\u2026<\/p>\n\n\n\n<p class=\"has-extra-small-font-size\">La friche occup\u00e9e autrefois par les brigands est devenue un lieu florissant aux foires renomm\u00e9es.<\/p>\n\n\n\n<p class=\"has-extra-small-font-size\"><strong>3\u00b0) <\/strong><strong>Administration judiciaire<\/strong><\/p>\n\n\n\n<p class=\"has-extra-small-font-size\">Un juge et un procureur fiscal sont nomm\u00e9s par l\u2019abb\u00e9 de Montsalvy. Pour certains d\u00e9lits, la justice de Montsalvy infligeait la peine du carcan&nbsp;: le condamn\u00e9 \u00e9tait attach\u00e9 par un collier de fer, \u00e0 un poteau dress\u00e9 sur la place de Peyre, au centre du village. Un \u00e9criteau faisait conna\u00eetre son nom, son domicile sa peine et sa condamnation.<\/p>\n\n\n\n<p style=\"font-size:12px\"><em>* Les consuls \u00e9taient pour les province du midi, des officiers municipaux, comme l\u2019\u00e9taient les \u00e9chevins \u00e0 Paris, Lyon et Marseille.<\/em><\/p>\n\n\n\n<p class=\"has-text-align-center\"><strong>La fin du monast\u00e8re<\/strong><\/p>\n\n\n\n<p class=\"has-extra-small-font-size\">Deux lois de 1789 et 1790 suppriment le monast\u00e8re.<\/p>\n\n\n\n<p class=\"has-extra-small-font-size\">Le 9 janvier 1794 sur la grande place, le maire fait lecture d\u2019un discours tr\u00e8s r\u00e9publicain. Quelques jours plus tard, l\u2019assembl\u00e9e du peuple d\u00e9cide \u00e0 l\u2019unanimit\u00e9, le d\u00e9molition du clocher de l\u2019\u00e9glise abbatiale et confie la t\u00e2che \u00e0 un charpentier local qui est en m\u00eame temps, officier communal. Les confessionnaux dans l\u2019\u00e9glise sont \u00e9galement d\u00e9truits durant cette \u00e9poque tourment\u00e9e.<\/p>\n\n\n\n<p class=\"has-extra-small-font-size\">Lors de la Terreur l\u2019abb\u00e9 Jean Pierre de Meallet de Fargues, qui \u00e9tait devenu abb\u00e9 de Montsalvy par permutation avec l\u2019abb\u00e9 Gaston, ne renia pas sa croyance. Il resta fid\u00e8le aux principes de l\u2019\u00e9glise catholique et fut regard\u00e9 comme un pr\u00eatre non-asserment\u00e9. Il fut alors oblig\u00e9 de se r\u00e9fugier en son ch\u00e2teau de Faulat, commune de Marcol\u00e8s, pour ne pas \u00eatre oblig\u00e9 de sortir de France. Mais il fut d\u00e9nonc\u00e9, arr\u00eat\u00e9 par des r\u00e9volutionnaires et conduit \u00e0 Figeac, puis \u00e0 Cahors. Condamn\u00e9 \u00e0 mort comme pr\u00eatre r\u00e9fractaire, il sera ex\u00e9cut\u00e9 rev\u00eatu de ses ornements sacerdotaux, le 24 septembre 1794.<\/p>\n\n\n\n<p class=\"has-extra-small-font-size\">Un seul pr\u00eatre, \u00e0 Montsalvy, a pr\u00eat\u00e9 serment \u00e0 la Constitution civile du clerg\u00e9, plus tard il se r\u00e9tracta.<\/p>\n\n\n\n<p class=\"has-extra-small-font-size\">Un autre simulera m\u00eame la folie pour ne pas jurer.<\/p>\n\n\n\n<p class=\"has-extra-small-font-size\"><strong>Que deviennent les b\u00e2timents \u00e0 cette \u00e9poque&nbsp;?<\/strong><\/p>\n\n\n\n<p class=\"has-extra-small-font-size\">Le r\u00e9fectoire des moines est rachet\u00e9 par la commune en 1791. Il a alors servi de mairie et d\u2019\u00e9cole.<\/p>\n\n\n\n<p class=\"has-extra-small-font-size\">Une tour adoss\u00e9e au r\u00e9fectoire et qui abritait la prison fut achet\u00e9e tour \u00e0 tour par un particulier puis par la municipalit\u00e9 et elle fut finalement d\u00e9molie en 1869 en raison de sa v\u00e9tust\u00e9 et des dangers qu\u2019elle repr\u00e9sentait.<\/p>\n\n\n\n<p class=\"has-text-align-center\"><strong>Les ch\u00e2teaux de Montsalvy<\/strong><\/p>\n\n\n\n<p class=\"has-extra-small-font-size\"><strong>1\u00b0) Le ch\u00e2teau de Mandulphe<\/strong><\/p>\n\n\n\n<p class=\"has-extra-small-font-size\">Il \u00e9tait situ\u00e9 au nord, au lieu-dit&nbsp;: le Puy de l\u2019Arbre, point culminant connu plus anciennement sous le nom de Puy Lac ou Montem altum. Le ch\u00e2teau a sans doute, \u00e9t\u00e9 \u00e9rig\u00e9 sur un monticule artificiel, une motte castrale.<\/p>\n\n\n\n<p class=\"has-extra-small-font-size\">Lorsque B\u00e9ranger donne \u00e0 Gausbert les terrains pour construire le monast\u00e8re, le ch\u00e2teau de Mandulphe est d\u00e9j\u00e0 en ruine. L\u2019acte de donation fait \u00e9tat de \u00ab&nbsp;terrains situ\u00e9s dans les d\u00e9pendances du ch\u00e2teau de Mandulphe. ( castellum Mandarulphum)<\/p>\n\n\n\n<p class=\"has-extra-small-font-size\">Ce ch\u00e2teau fort, appartenait \u00e0 B\u00e9ranger Vicomte de Carlat. Il lui fut enlev\u00e9 et devint la propri\u00e9t\u00e9 de la famille d\u2019 Armagnac. Jacques d\u2019Armagnac ayant conspir\u00e9 contre Louis XI, fut condamn\u00e9 \u00e0 mort et massacr\u00e9 en 1418. C\u2019est ainsi que le ch\u00e2teau de Mandulphe fut d\u00e9truit sur ordre de Louis XI. La destruction eut lieu vers 1477.<\/p>\n\n\n\n<p class=\"has-extra-small-font-size\">En 1834, une fontaine pav\u00e9e a \u00e9t\u00e9 retrouv\u00e9e sur les lieux ainsi qu\u2019une girouette, privil\u00e8ge seigneurial.<\/p>\n\n\n\n<p class=\"has-extra-small-font-size\">Enfin lors de la mesure de l\u2019arc du m\u00e9ridien terrestre par Delambre et M\u00e9chain, au Puy de l\u2019Arbre, les deux astronomes not\u00e8rent \u00ab&nbsp;des vestiges d\u2019un ancien ch\u00e2teau fort environn\u00e9 de foss\u00e9s et de retranchements.&nbsp;\u00bb<\/p>\n\n\n\n<p class=\"has-extra-small-font-size\"><strong>2\u00b0) Le ch\u00e2teau de Montsalvy<\/strong><\/p>\n\n\n<div class=\"wp-block-image\">\n<figure class=\"aligncenter size-large is-resized\"><img decoding=\"async\" loading=\"lazy\" src=\"http:\/\/www.genea92nord.fr\/images\/GENEACANTAL\/chteau%20de%20Montsalvy%20t.jpg\" alt=\"\" width=\"583\" height=\"462\"\/><\/figure><\/div>\n\n\n<p class=\"has-extra-small-font-size\">On ne conna\u00eet pas exactement l\u2019origine du ch\u00e2teau de Montsalvy. Il aurait \u00e9t\u00e9 construit sur l\u2019emplacement des anciens remparts.<\/p>\n\n\n\n<p class=\"has-extra-small-font-size\">En 1787, il appartient \u00e0 Antoine Delmas, notaire royal. En effet cette ann\u00e9e-l\u00e0 celui-ci obtient l\u2019autorisation de faire construire une salle au-dessus de la porte d\u2019Entraygues, porte mitoyenne \u00e0 sa propri\u00e9t\u00e9.<\/p>\n\n\n\n<p class=\"has-extra-small-font-size\">Une tour ronde est ajout\u00e9e au ch\u00e2teau au cours du m\u00eame si\u00e8cle.<\/p>\n\n\n\n<p class=\"has-extra-small-font-size\">Le fils d\u2019Antoine Delmas, Joseph No\u00ebl sera le premier conseiller g\u00e9n\u00e9ral du canton de Montsalvy.<\/p>\n\n\n\n<p class=\"has-extra-small-font-size\">Son petit-fils, Jean-Justin Delmas s\u2019inscrit au barreau d\u2019Aurillac apr\u00e8s des \u00e9tudes de droit et s\u2019engage dans la carri\u00e8re pr\u00e9fectorale.<\/p>\n\n\n\n<p class=\"has-extra-small-font-size\">Pr\u00e9fet de M\u00e2con en 1840, il abandonne ses fonctions humanitaires qui l\u2019avaient conduit \u00e0 cr\u00e9er une \u00e9cole agricole et de nombreuses fondations . Il devient alors pr\u00e9fet de la haute-Garonne. Puis il devient secr\u00e9taire g\u00e9n\u00e9ral au Minist\u00e8re de l\u2019Int\u00e9rieur et directeur du Mont de pi\u00e9t\u00e9.<\/p>\n\n\n\n<p class=\"has-extra-small-font-size\">Le fils de Jean-Justin Delmas, Albert-Joseph , entre dans la diplomatie en 1851 au Br\u00e9sil puis \u00e0 Berne et \u00e0 Turin. Pr\u00e9fet de l\u2019H\u00e9raut puis du Puy-de-D\u00f4me jusqu\u2019en 1873. Il occupera de nombreuses fonctions (Conseil d\u2019Etat et Cour des Comptes) avant de s\u2019\u00e9teindre en son ch\u00e2teau de Montsalvy le 25 mai 1914.<\/p>\n\n\n\n<p class=\"has-extra-small-font-size\">Ses descendants ont c\u00e9d\u00e9 le ch\u00e2teau \u00e0 la commune, \u00e0 charge d\u2019y cr\u00e9er une maison de retraite.<\/p>\n\n\n\n<p class=\"has-text-align-center\"><strong>Montsalvy au XXI\u00e8me si\u00e8cle<\/strong><\/p>\n\n\n\n<p class=\"has-extra-small-font-size\">L\u2019histoire suit son cours. Montsalvy a \u00e9t\u00e9 mis en valeur avec talent pour le plaisir de ses habitants et de tous ceux qui viennent le visiter.<\/p>\n\n\n\n<p class=\"has-extra-small-font-size\">Le clo\u00eetre accueille chaque \u00e9t\u00e9 des expositions dans le r\u00e9fectoire des moines restaur\u00e9 avec comp\u00e9tence. La derni\u00e8re exposition en 2011, est celle qui pr\u00e9senta les objets, livres, dipl\u00f4mes, m\u00e9dailles, photographies l\u00e9gu\u00e9s \u00e0 la commune par les descendants de Marcelin BOULE. En effet le grand homme est n\u00e9 \u00e0 Montsalvy en 1861. Professeur de pal\u00e9onthologie, il fut le premier Directeur de l\u2019Institut de pal\u00e9onthologie humaine fond\u00e9 en 1910 par le prince Albert 1<sup>er<\/sup> de Monaco.<\/p>\n\n\n\n<p class=\"has-extra-small-font-size\">Un \u00ab&nbsp;parcours du patrimoine&nbsp;\u00bb de Montsalvy est aussi possible gr\u00e2ce \u00e0 une brochure mise \u00e0 la disposition des visiteurs \u00e0 l\u2019Office du Tourisme. Ainsi vous pourrez d\u00e9couvrir le ch\u00e2teau, le monast\u00e8re, l\u2019\u00e9glise abbatiale avec son chevet roman, la rue des tisserands, les portes de la ville close.<\/p>\n\n\n\n<p class=\"has-extra-small-font-size\">Depuis quelques ann\u00e9es la salle capitulaire, dans le clo\u00eetre, est devenue la salle du Tr\u00e9sor d\u2019Art Sacr\u00e9 du Pays de Montsalvy&nbsp;: un cadre somptueux pour accueillir et mettre en valeur, calices, ostensoirs, chasubles brod\u00e9es confi\u00e9s par les municipalit\u00e9s du canton.<\/p>\n\n\n<div class=\"wp-block-image\">\n<figure class=\"aligncenter size-large is-resized\"><img decoding=\"async\" loading=\"lazy\" src=\"http:\/\/www.genea92nord.fr\/images\/GENEACANTAL\/Montsalvy%20salle%20capitulaire.jpg\" alt=\"\" width=\"364\" height=\"521\"\/><\/figure><\/div>\n\n\n<p class=\"has-extra-small-font-size\"><em>Pour finir, voici un modeste conseil<\/em> <em>de l\u2019auteur (non moins modeste) de cet article<\/em> <em>aux historiens de passage \u00e0 Montsalvy<\/em>&nbsp;:<\/p>\n\n\n\n<p class=\"has-text-align-center\"><em><strong>Amis, attention&nbsp;!<\/strong><\/em><\/p>\n\n\n\n<p class=\"has-text-align-center\"><em><strong>Tous ceux qui viennent \u00e0 Montsalvy pour d\u00e9couvrir son pass\u00e9 historique,<\/strong><\/em> <em><strong>risquent l\u2019addiction\u2026<\/strong><\/em><\/p>\n\n\n\n<p class=\"has-text-align-center\">*********<\/p>\n\n\n\n<p class=\"has-extra-small-font-size\">Sources de cet article&nbsp;:<\/p>\n\n\n\n<ul>\n<li>Monographie des villes et villages de France&nbsp;: Histoire de Montsalvy par l\u2019abb\u00e9 Muratet r\u00e9\u00e9dition de l\u2019ouvrage initial dat\u00e9 de 1840. Paris res universis Imprimerie P. Picut ISBN 978-2-87760-598-1<\/li>\n\n\n\n<li>Montsalvy Une description, une histoire par Abel Beaufr\u00e8re Imprimerie Gerbert Aurillac<\/li>\n\n\n\n<li>Montsalvy&nbsp;: Une cit\u00e9 en ch\u00e2taigneraie cantalienne P.F.Aleil-Montarnal et R.Gaston-Crantelle Imprimerie moderne Aurillac ISBN 978-2 -90126-472-6<\/li>\n<\/ul>\n","protected":false},"excerpt":{"rendered":"<p>Village de Haute-Auvergne Les origines Il est difficile de dater avec pr\u00e9cision l\u2019origine du village de Montsalvy. Ce qui est certain c\u2019est que les premiers \u00e9difices&nbsp;: le \u00ab&nbsp;moutier&nbsp;\u00bb (monast\u00e8re), l\u2019\u00e9glise et une maison faisant&#46;&#46;&#46;<\/p>\n","protected":false},"author":1,"featured_media":0,"comment_status":"closed","ping_status":"open","sticky":false,"template":"","format":"standard","meta":{"footnotes":""},"categories":[20],"tags":[],"_links":{"self":[{"href":"https:\/\/www.geneacantal.fr\/index.php\/wp-json\/wp\/v2\/posts\/386"}],"collection":[{"href":"https:\/\/www.geneacantal.fr\/index.php\/wp-json\/wp\/v2\/posts"}],"about":[{"href":"https:\/\/www.geneacantal.fr\/index.php\/wp-json\/wp\/v2\/types\/post"}],"author":[{"embeddable":true,"href":"https:\/\/www.geneacantal.fr\/index.php\/wp-json\/wp\/v2\/users\/1"}],"replies":[{"embeddable":true,"href":"https:\/\/www.geneacantal.fr\/index.php\/wp-json\/wp\/v2\/comments?post=386"}],"version-history":[{"count":5,"href":"https:\/\/www.geneacantal.fr\/index.php\/wp-json\/wp\/v2\/posts\/386\/revisions"}],"predecessor-version":[{"id":1489,"href":"https:\/\/www.geneacantal.fr\/index.php\/wp-json\/wp\/v2\/posts\/386\/revisions\/1489"}],"wp:attachment":[{"href":"https:\/\/www.geneacantal.fr\/index.php\/wp-json\/wp\/v2\/media?parent=386"}],"wp:term":[{"taxonomy":"category","embeddable":true,"href":"https:\/\/www.geneacantal.fr\/index.php\/wp-json\/wp\/v2\/categories?post=386"},{"taxonomy":"post_tag","embeddable":true,"href":"https:\/\/www.geneacantal.fr\/index.php\/wp-json\/wp\/v2\/tags?post=386"}],"curies":[{"name":"wp","href":"https:\/\/api.w.org\/{rel}","templated":true}]}}